{"id":395,"date":"2025-09-25T13:38:32","date_gmt":"2025-09-25T13:38:32","guid":{"rendered":"https:\/\/cabinet-moya.ch\/?p=395"},"modified":"2025-09-25T13:38:33","modified_gmt":"2025-09-25T13:38:33","slug":"quand-les-emotions-parlent-a-travers-le-corps-comprendre-le-lien-entre-douleurs-physiques-et-blessures-interieures","status":"publish","type":"post","link":"https:\/\/cabinet-moya.ch\/?p=395","title":{"rendered":"Quand les \u00e9motions parlent \u00e0 travers le corps : comprendre le lien entre douleurs physiques et blessures int\u00e9rieures"},"content":{"rendered":"\n<p class=\"wp-block-paragraph\">Nous avons souvent tendance \u00e0 s\u00e9parer le corps et l\u2019esprit. Pourtant, ils sont intimement li\u00e9s. Lorsqu\u2019une \u00e9motion n\u2019est pas exprim\u00e9e ou qu\u2019un v\u00e9cu reste enfoui, c\u2019est bien souvent le corps qui prend le relais pour nous alerter. Ces douleurs physiques ne sont pas \u201cdans la t\u00eate\u201d : elles sont r\u00e9elles, mais leur origine est souvent plus \u00e9motionnelle que m\u00e9dicale.<\/p>\n\n\n\n<p class=\"wp-block-paragraph\">Dans cet article, d\u00e9couvrons ensemble pourquoi et comment les \u00e9motions peuvent se transformer en douleurs corporelles.<\/p>\n\n\n\n<hr class=\"wp-block-separator has-alpha-channel-opacity\"\/>\n\n\n\n<h2 class=\"wp-block-heading\"> Pourquoi le corps exprime nos \u00e9motions ?<\/h2>\n\n\n\n<p class=\"wp-block-paragraph\">Le corps garde la m\u00e9moire de ce que nous vivons. Quand nous traversons un stress, une tristesse ou une col\u00e8re et que nous n\u2019arrivons pas \u00e0 les exprimer, notre syst\u00e8me nerveux et nos muscles r\u00e9agissent. \u00c0 force de tensions accumul\u00e9es, cela peut se traduire par des douleurs chroniques.<\/p>\n\n\n\n<p class=\"wp-block-paragraph\">C\u2019est une mani\u00e8re pour notre corps de dire :<\/p>\n\n\n\n<blockquote class=\"wp-block-quote is-layout-flow wp-block-quote-is-layout-flow\">\n<p class=\"wp-block-paragraph\">\u201c\u00c9coute-moi, quelque chose a besoin d\u2019\u00eatre lib\u00e9r\u00e9.\u201d<\/p>\n<\/blockquote>\n\n\n\n<hr class=\"wp-block-separator has-alpha-channel-opacity\"\/>\n\n\n\n<h2 class=\"wp-block-heading\"> 10 exemples fr\u00e9quents de douleurs reli\u00e9es aux \u00e9motions<\/h2>\n\n\n\n<ol class=\"wp-block-list\">\n<li><strong>Maux de dos<\/strong><br>\ud83d\udc49 Souvent li\u00e9s au poids des responsabilit\u00e9s, au sentiment de \u201ctout porter\u201d.<\/li>\n\n\n\n<li><strong>Douleurs \u00e0 la nuque et aux \u00e9paules<\/strong><br>\ud83d\udc49 Refl\u00e8tent la rigidit\u00e9, la difficult\u00e9 \u00e0 l\u00e2cher prise ou la pression ext\u00e9rieure trop forte.<\/li>\n\n\n\n<li><strong>Douleurs au ventre et troubles digestifs<\/strong><br>\ud83d\udc49 Le ventre est notre \u201cdeuxi\u00e8me cerveau\u201d, il r\u00e9agit aux peurs, angoisses et stress.<\/li>\n\n\n\n<li><strong>Maux de t\u00eate et migraines<\/strong><br>\ud83d\udc49 Li\u00e9s au surmenage mental, au trop-plein de pens\u00e9es ou au besoin de tout contr\u00f4ler.<\/li>\n\n\n\n<li><strong>Douleurs dans la poitrine<\/strong> (hors cause m\u00e9dicale)<br>\ud83d\udc49 Reflet de blessures du c\u0153ur : tristesse profonde, deuil, peurs d\u2019abandon.<\/li>\n\n\n\n<li><strong>Douleurs aux genoux<\/strong><br>\ud83d\udc49 Souvent associ\u00e9es \u00e0 la difficult\u00e9 \u00e0 avancer, \u00e0 plier face \u00e0 certaines situations ou \u00e0 l\u2019orgueil.<\/li>\n\n\n\n<li><strong>Douleurs aux hanches<\/strong><br>\ud83d\udc49 Elles traduisent parfois une peur du changement, une difficult\u00e9 \u00e0 aller de l\u2019avant.<\/li>\n\n\n\n<li><strong>Douleurs aux mains<\/strong><br>\ud83d\udc49 Reli\u00e9es aux difficult\u00e9s dans la relation aux autres : donner, recevoir, l\u00e2cher prise sur le contr\u00f4le.<\/li>\n\n\n\n<li><strong>Douleurs aux pieds<\/strong><br>\ud83d\udc49 Souvent connect\u00e9es \u00e0 l\u2019ins\u00e9curit\u00e9, au manque de stabilit\u00e9 ou \u00e0 la peur de l\u2019avenir.<\/li>\n\n\n\n<li><strong>Douleurs \u00e0 la gorge<\/strong><br>\ud83d\udc49 Refl\u00e8tent une difficult\u00e9 \u00e0 s\u2019exprimer, \u00e0 dire sa v\u00e9rit\u00e9 ou \u00e0 lib\u00e9rer ses \u00e9motions.<\/li>\n<\/ol>\n\n\n\n<hr class=\"wp-block-separator has-alpha-channel-opacity\"\/>\n\n\n\n<h2 class=\"wp-block-heading\"> Comment apaiser ces douleurs \u00e9motionnelles ?<\/h2>\n\n\n\n<ul class=\"wp-block-list\">\n<li><strong>Accueillir ses \u00e9motions<\/strong> : apprendre \u00e0 les reconna\u00eetre au lieu de les refouler.<\/li>\n\n\n\n<li><strong>Exprimer ce que l\u2019on ressent<\/strong> : parler, \u00e9crire, dessiner, chanter\u2026 tout ce qui permet de donner une voix \u00e0 l\u2019\u00e9motion.<\/li>\n\n\n\n<li><strong>Prendre soin du corps<\/strong> : relaxation, m\u00e9ditation, respiration, massages, drainage lymphatique ou activit\u00e9s douces comme le yoga et la marche.<\/li>\n\n\n\n<li><strong>Un accompagnement th\u00e9rapeutique<\/strong> : se faire soutenir dans un espace s\u00e9curisant aide \u00e0 lib\u00e9rer les \u00e9motions enfouies.<\/li>\n<\/ul>\n\n\n\n<hr class=\"wp-block-separator has-alpha-channel-opacity\"\/>\n\n\n\n<h2 class=\"wp-block-heading\"> En conclusion<\/h2>\n\n\n\n<p class=\"wp-block-paragraph\">Les douleurs physiques ne sont pas toujours uniquement li\u00e9es \u00e0 un probl\u00e8me m\u00e9dical. Bien souvent, elles nous parlent de notre v\u00e9cu int\u00e9rieur. Apprendre \u00e0 \u00e9couter son corps, c\u2019est aussi apprendre \u00e0 \u00e9couter son c\u0153ur.<\/p>\n\n\n\n<p class=\"wp-block-paragraph\">Ton corps n\u2019est pas ton ennemi, il est ton messager. <\/p>\n","protected":false},"excerpt":{"rendered":"<p>Nous avons souvent tendance \u00e0 s\u00e9parer le corps et l\u2019esprit. Pourtant, ils sont intimement li\u00e9s. Lorsqu\u2019une \u00e9motion n\u2019est pas exprim\u00e9e ou qu\u2019un v\u00e9cu reste enfoui, c\u2019est bien souvent le corps qui prend le relais pour nous alerter. Ces douleurs physiques ne sont pas \u201cdans la t\u00eate\u201d : elles sont r\u00e9elles, mais leur origine est souvent plus \u00e9motionnelle que m\u00e9dicale. Dans cet article, d\u00e9couvrons ensemble pourquoi et comment les \u00e9motions peuvent se transformer en douleurs corporelles. Pourquoi le corps exprime nos \u00e9motions ? Le corps garde la m\u00e9moire de ce que nous vivons. Quand nous traversons un stress, une tristesse ou une col\u00e8re et que nous n\u2019arrivons pas \u00e0 les exprimer, notre syst\u00e8me nerveux et nos muscles r\u00e9agissent. \u00c0 force de tensions accumul\u00e9es, cela peut se traduire par des douleurs chroniques. C\u2019est une mani\u00e8re pour notre corps de dire : \u201c\u00c9coute-moi, quelque chose a besoin d\u2019\u00eatre lib\u00e9r\u00e9.\u201d 10 exemples fr\u00e9quents de douleurs reli\u00e9es aux \u00e9motions Comment apaiser ces douleurs \u00e9motionnelles ? En conclusion Les douleurs physiques ne sont pas toujours uniquement li\u00e9es \u00e0 un probl\u00e8me m\u00e9dical. Bien souvent, elles nous parlent de notre v\u00e9cu int\u00e9rieur. Apprendre \u00e0 \u00e9couter son corps, c\u2019est aussi apprendre \u00e0 \u00e9couter son c\u0153ur. Ton corps n\u2019est pas ton ennemi, il est ton messager.<\/p>\n","protected":false},"author":1,"featured_media":0,"comment_status":"closed","ping_status":"closed","sticky":false,"template":"","format":"standard","meta":{"footnotes":""},"categories":[1],"tags":[],"class_list":["post-395","post","type-post","status-publish","format-standard","hentry","category-uncategorized"],"acf":[],"_links":{"self":[{"href":"https:\/\/cabinet-moya.ch\/index.php?rest_route=\/wp\/v2\/posts\/395","targetHints":{"allow":["GET"]}}],"collection":[{"href":"https:\/\/cabinet-moya.ch\/index.php?rest_route=\/wp\/v2\/posts"}],"about":[{"href":"https:\/\/cabinet-moya.ch\/index.php?rest_route=\/wp\/v2\/types\/post"}],"author":[{"embeddable":true,"href":"https:\/\/cabinet-moya.ch\/index.php?rest_route=\/wp\/v2\/users\/1"}],"replies":[{"embeddable":true,"href":"https:\/\/cabinet-moya.ch\/index.php?rest_route=%2Fwp%2Fv2%2Fcomments&post=395"}],"version-history":[{"count":1,"href":"https:\/\/cabinet-moya.ch\/index.php?rest_route=\/wp\/v2\/posts\/395\/revisions"}],"predecessor-version":[{"id":396,"href":"https:\/\/cabinet-moya.ch\/index.php?rest_route=\/wp\/v2\/posts\/395\/revisions\/396"}],"wp:attachment":[{"href":"https:\/\/cabinet-moya.ch\/index.php?rest_route=%2Fwp%2Fv2%2Fmedia&parent=395"}],"wp:term":[{"taxonomy":"category","embeddable":true,"href":"https:\/\/cabinet-moya.ch\/index.php?rest_route=%2Fwp%2Fv2%2Fcategories&post=395"},{"taxonomy":"post_tag","embeddable":true,"href":"https:\/\/cabinet-moya.ch\/index.php?rest_route=%2Fwp%2Fv2%2Ftags&post=395"}],"curies":[{"name":"wp","href":"https:\/\/api.w.org\/{rel}","templated":true}]}}