{"id":264,"date":"2024-04-18T12:52:11","date_gmt":"2024-04-18T12:52:11","guid":{"rendered":"https:\/\/cabinet-moya.ch\/?p=264"},"modified":"2024-04-18T12:52:12","modified_gmt":"2024-04-18T12:52:12","slug":"la-personne-multipotentielle","status":"publish","type":"post","link":"https:\/\/cabinet-moya.ch\/?p=264","title":{"rendered":"La personne Multipotentielle"},"content":{"rendered":"<div class=\"wp-block-image\">\n<figure class=\"aligncenter size-full\"><img loading=\"lazy\" decoding=\"async\" width=\"800\" height=\"534\" src=\"https:\/\/cabinet-moya.ch\/wp-content\/uploads\/2024\/04\/quels-metiers-multipotentiel.jpeg\" alt=\"\" class=\"wp-image-265\" srcset=\"https:\/\/cabinet-moya.ch\/wp-content\/uploads\/2024\/04\/quels-metiers-multipotentiel.jpeg 800w, https:\/\/cabinet-moya.ch\/wp-content\/uploads\/2024\/04\/quels-metiers-multipotentiel-300x200.jpeg 300w, https:\/\/cabinet-moya.ch\/wp-content\/uploads\/2024\/04\/quels-metiers-multipotentiel-768x513.jpeg 768w\" sizes=\"auto, (max-width: 800px) 100vw, 800px\" \/><\/figure>\n<\/div>\n\n\n<p class=\"wp-block-paragraph\">Le terme multipotentiel, qui remonte \u00e0 1972, a \u00e9t\u00e9 mis en avant gr\u00e2ce \u00e0 un\u00a0TedX talk d\u2019Emilie Wapnick intitul\u00e9 \u00ab\u2009pourquoi certains d\u2019entre nous n\u2019avons pas de vocation\u2009?\u2009\u00bb. <\/p>\n\n\n\n<p class=\"wp-block-paragraph\">Dans un monde qui valorise souvent la sp\u00e9cialisation, les personnes multipotentialistes sont parfois per\u00e7ues comme ayant du mal \u00e0 trouver leur place. Mais qu&rsquo;est-ce qu&rsquo;une personne multipotentialiste ? <\/p>\n\n\n\n<p class=\"wp-block-paragraph\">Les personnes multipotentialistes sont des individus dot\u00e9s d&rsquo;une curiosit\u00e9 insatiable et d&rsquo;une passion pour l&rsquo;apprentissage continu. Leur int\u00e9r\u00eat pour une multitude de domaines les conduit souvent \u00e0 explorer une vari\u00e9t\u00e9 d&rsquo;activit\u00e9s, de hobbies et de carri\u00e8res au cours de leur vie. Ils sont anim\u00e9s par une soif de connaissances et sont constamment \u00e0 la recherche de nouvelles exp\u00e9riences enrichissantes. Leur esprit polyvalent et leur capacit\u00e9 \u00e0 jongler avec diff\u00e9rentes comp\u00e9tences font d&rsquo;eux des penseurs holistiques, capables de voir le monde sous des angles vari\u00e9s. Plut\u00f4t que de se sentir restreints par les \u00e9tiquettes et les attentes sociales, les multipotentialistes embrassent leur diversit\u00e9 et voient en elle une source infinie d&rsquo;opportunit\u00e9s et de possibilit\u00e9s d&rsquo;\u00e9panouissement personnel et professionnel.<\/p>\n\n\n\n<p class=\"wp-block-paragraph\">Cette diversit\u00e9 d&rsquo;int\u00e9r\u00eats peut \u00eatre per\u00e7ue comme une faiblesse dans une soci\u00e9t\u00e9 qui encourage la sp\u00e9cialisation pr\u00e9coce et la ma\u00eetrise d&rsquo;un domaine particulier. Cependant, ce que beaucoup ne r\u00e9alisent pas, c&rsquo;est que la multipotentialit\u00e9 est une force en soi, surtout lorsqu&rsquo;elle est associ\u00e9e \u00e0 la cr\u00e9ativit\u00e9.<\/p>\n\n\n\n<p class=\"wp-block-paragraph\">La cr\u00e9ativit\u00e9 est la cl\u00e9 qui transforme cette diversit\u00e9 en un avantage comp\u00e9titif. Voici comment :<\/p>\n\n\n\n<ol class=\"wp-block-list\">\n<li><strong>Connexion de points :<\/strong> Les multipotentialistes sont souvent capables de faire des liens entre des id\u00e9es, des concepts et des disciplines apparemment disparates. Leur capacit\u00e9 \u00e0 voir les similitudes et les diff\u00e9rences entre des domaines diff\u00e9rents leur permet de trouver des solutions innovantes et originales.<\/li>\n\n\n\n<li><strong>Adaptabilit\u00e9 :<\/strong> La diversit\u00e9 d&rsquo;exp\u00e9rience des multipotentialistes les rend plus aptes \u00e0 s&rsquo;adapter \u00e0 de nouvelles situations et \u00e0 apprendre rapidement. Leur capacit\u00e9 \u00e0 naviguer dans diff\u00e9rents domaines les rend pr\u00e9cieux dans un monde en constante \u00e9volution o\u00f9 la polyvalence est essentielle.<\/li>\n\n\n\n<li><strong>Cr\u00e9ation de valeur :<\/strong> En combinant leurs multiples comp\u00e9tences et int\u00e9r\u00eats, les multipotentialistes sont souvent capables de cr\u00e9er des solutions uniques et holistiques. Leur approche interdisciplinaire leur permet de voir les probl\u00e8mes sous diff\u00e9rents angles, ce qui peut conduire \u00e0 des innovations significatives.<\/li>\n<\/ol>\n\n\n\n<p class=\"wp-block-paragraph\">Maintenant, comment pouvez-vous lib\u00e9rer votre potentiel de multipotentialiste et exploiter la puissance de la cr\u00e9ativit\u00e9 ?<\/p>\n\n\n\n<ol class=\"wp-block-list\">\n<li><strong>Explorez sans limite :<\/strong> Ne limitez pas vos int\u00e9r\u00eats et passions. Explorez de nouveaux domaines, suivez votre curiosit\u00e9 et ne craignez pas de sortir de votre zone de confort.<\/li>\n\n\n\n<li><strong>Faites des ponts :<\/strong> Cherchez des connexions entre vos diff\u00e9rents int\u00e9r\u00eats et comp\u00e9tences. Comment pouvez-vous combiner vos passions pour cr\u00e9er quelque chose de nouveau et d&rsquo;excitant ?<\/li>\n\n\n\n<li><strong>Cultivez votre cr\u00e9ativit\u00e9 :<\/strong> Pratiquez des activit\u00e9s cr\u00e9atives r\u00e9guli\u00e8rement. Que ce soit l&rsquo;\u00e9criture, la peinture, la musique ou toute autre forme d&rsquo;expression artistique, la cr\u00e9ativit\u00e9 est un muscle qui doit \u00eatre exerc\u00e9.<\/li>\n\n\n\n<li><strong>Trouvez votre voie :<\/strong> Ne vous sentez pas oblig\u00e9 de suivre un chemin traditionnel. Cr\u00e9ez votre propre voie en combinant vos multiples passions et talents d&rsquo;une mani\u00e8re qui vous est propre.<\/li>\n<\/ol>\n\n\n\n<p class=\"wp-block-paragraph\">En fin de compte, \u00eatre multipotentialiste n&rsquo;est pas une faiblesse, mais une force. En embrassant votre diversit\u00e9 et en cultivant votre cr\u00e9ativit\u00e9, vous pouvez transformer ce qui pourrait \u00eatre per\u00e7u comme un inconv\u00e9nient en votre plus grand atout. Alors, lib\u00e9rez-vous des limites et laissez votre cr\u00e9ativit\u00e9 vous guider vers de nouveaux horizons passionnants.<\/p>\n\n\n\n<p class=\"wp-block-paragraph\"><\/p>\n","protected":false},"excerpt":{"rendered":"<p>Le terme multipotentiel, qui remonte \u00e0 1972, a \u00e9t\u00e9 mis en avant gr\u00e2ce \u00e0 un\u00a0TedX talk d\u2019Emilie Wapnick intitul\u00e9 \u00ab\u2009pourquoi certains d\u2019entre nous n\u2019avons pas de vocation\u2009?\u2009\u00bb. Dans un monde qui valorise souvent la sp\u00e9cialisation, les personnes multipotentialistes sont parfois per\u00e7ues comme ayant du mal \u00e0 trouver leur place. Mais qu&rsquo;est-ce qu&rsquo;une personne multipotentialiste ? Les personnes multipotentialistes sont des individus dot\u00e9s d&rsquo;une curiosit\u00e9 insatiable et d&rsquo;une passion pour l&rsquo;apprentissage continu. Leur int\u00e9r\u00eat pour une multitude de domaines les conduit souvent \u00e0 explorer une vari\u00e9t\u00e9 d&rsquo;activit\u00e9s, de hobbies et de carri\u00e8res au cours de leur vie. Ils sont anim\u00e9s par une soif de connaissances et sont constamment \u00e0 la recherche de nouvelles exp\u00e9riences enrichissantes. Leur esprit polyvalent et leur capacit\u00e9 \u00e0 jongler avec diff\u00e9rentes comp\u00e9tences font d&rsquo;eux des penseurs holistiques, capables de voir le monde sous des angles vari\u00e9s. Plut\u00f4t que de se sentir restreints par les \u00e9tiquettes et les attentes sociales, les multipotentialistes embrassent leur diversit\u00e9 et voient en elle une source infinie d&rsquo;opportunit\u00e9s et de possibilit\u00e9s d&rsquo;\u00e9panouissement personnel et professionnel. Cette diversit\u00e9 d&rsquo;int\u00e9r\u00eats peut \u00eatre per\u00e7ue comme une faiblesse dans une soci\u00e9t\u00e9 qui encourage la sp\u00e9cialisation pr\u00e9coce et la ma\u00eetrise d&rsquo;un domaine particulier. Cependant, ce que beaucoup ne r\u00e9alisent pas, c&rsquo;est que la multipotentialit\u00e9 est une force en soi, surtout lorsqu&rsquo;elle est associ\u00e9e \u00e0 la cr\u00e9ativit\u00e9. La cr\u00e9ativit\u00e9 est la cl\u00e9 qui transforme cette diversit\u00e9 en un avantage comp\u00e9titif. Voici comment : Maintenant, comment pouvez-vous lib\u00e9rer votre potentiel de multipotentialiste et exploiter la puissance de la cr\u00e9ativit\u00e9 ? En fin de compte, \u00eatre multipotentialiste n&rsquo;est pas une faiblesse, mais une force. En embrassant votre diversit\u00e9 et en cultivant votre cr\u00e9ativit\u00e9, vous pouvez transformer ce qui pourrait \u00eatre per\u00e7u comme un inconv\u00e9nient en votre plus grand atout. Alors, lib\u00e9rez-vous des limites et laissez votre cr\u00e9ativit\u00e9 vous guider vers de nouveaux horizons passionnants.<\/p>\n","protected":false},"author":1,"featured_media":0,"comment_status":"open","ping_status":"open","sticky":false,"template":"","format":"standard","meta":{"footnotes":""},"categories":[27],"tags":[],"class_list":["post-264","post","type-post","status-publish","format-standard","hentry","category-developpement-personnel"],"acf":[],"_links":{"self":[{"href":"https:\/\/cabinet-moya.ch\/index.php?rest_route=\/wp\/v2\/posts\/264","targetHints":{"allow":["GET"]}}],"collection":[{"href":"https:\/\/cabinet-moya.ch\/index.php?rest_route=\/wp\/v2\/posts"}],"about":[{"href":"https:\/\/cabinet-moya.ch\/index.php?rest_route=\/wp\/v2\/types\/post"}],"author":[{"embeddable":true,"href":"https:\/\/cabinet-moya.ch\/index.php?rest_route=\/wp\/v2\/users\/1"}],"replies":[{"embeddable":true,"href":"https:\/\/cabinet-moya.ch\/index.php?rest_route=%2Fwp%2Fv2%2Fcomments&post=264"}],"version-history":[{"count":1,"href":"https:\/\/cabinet-moya.ch\/index.php?rest_route=\/wp\/v2\/posts\/264\/revisions"}],"predecessor-version":[{"id":266,"href":"https:\/\/cabinet-moya.ch\/index.php?rest_route=\/wp\/v2\/posts\/264\/revisions\/266"}],"wp:attachment":[{"href":"https:\/\/cabinet-moya.ch\/index.php?rest_route=%2Fwp%2Fv2%2Fmedia&parent=264"}],"wp:term":[{"taxonomy":"category","embeddable":true,"href":"https:\/\/cabinet-moya.ch\/index.php?rest_route=%2Fwp%2Fv2%2Fcategories&post=264"},{"taxonomy":"post_tag","embeddable":true,"href":"https:\/\/cabinet-moya.ch\/index.php?rest_route=%2Fwp%2Fv2%2Ftags&post=264"}],"curies":[{"name":"wp","href":"https:\/\/api.w.org\/{rel}","templated":true}]}}