{"id":216,"date":"2024-01-28T09:20:31","date_gmt":"2024-01-28T09:20:31","guid":{"rendered":"https:\/\/cabinet-moya.ch\/?p=216"},"modified":"2024-01-28T09:20:32","modified_gmt":"2024-01-28T09:20:32","slug":"sois-fier-de-toi","status":"publish","type":"post","link":"https:\/\/cabinet-moya.ch\/?p=216","title":{"rendered":"Sois fier de toi"},"content":{"rendered":"\n<p class=\"wp-block-paragraph\">une qualit\u00e9 importante des personnes qui ont confiance en elles<\/p>\n\n\n\n<figure class=\"wp-block-image size-large\"><img loading=\"lazy\" decoding=\"async\" width=\"1024\" height=\"577\" src=\"https:\/\/cabinet-moya.ch\/wp-content\/uploads\/2024\/01\/Soi-fier-de-toi-1024x577.png\" alt=\"\" class=\"wp-image-218\" srcset=\"https:\/\/cabinet-moya.ch\/wp-content\/uploads\/2024\/01\/Soi-fier-de-toi-1024x577.png 1024w, https:\/\/cabinet-moya.ch\/wp-content\/uploads\/2024\/01\/Soi-fier-de-toi-300x169.png 300w, https:\/\/cabinet-moya.ch\/wp-content\/uploads\/2024\/01\/Soi-fier-de-toi-768x433.png 768w, https:\/\/cabinet-moya.ch\/wp-content\/uploads\/2024\/01\/Soi-fier-de-toi-1536x865.png 1536w, https:\/\/cabinet-moya.ch\/wp-content\/uploads\/2024\/01\/Soi-fier-de-toi-1160x654.png 1160w, https:\/\/cabinet-moya.ch\/wp-content\/uploads\/2024\/01\/Soi-fier-de-toi.png 1640w\" sizes=\"auto, (max-width: 1024px) 100vw, 1024px\" \/><\/figure>\n\n\n\n<p class=\"wp-block-paragraph\">Question \u00e0 toi :<\/p>\n\n\n\n<p class=\"wp-block-paragraph\">\u00c0 quelle fr\u00e9quence te f\u00e9licites-tu ? Quand as-tu eu pour la derni\u00e8re fois le sentiment d&rsquo;avoir vraiment bien fait quelque chose ?<\/p>\n\n\n\n<p class=\"wp-block-paragraph\">Et quand as-tu \u00e9t\u00e9 vraiment, vraiment fier de toi pour la derni\u00e8re fois ?<\/p>\n\n\n\n<p class=\"wp-block-paragraph\">Je suppose que cela fait un bon moment\u2026.<\/p>\n\n\n\n<p class=\"wp-block-paragraph\">Et c&rsquo;est dommage.<\/p>\n\n\n\n<p class=\"wp-block-paragraph\">Car en fait, tu devrais \u00eatre fier de toi tous les jours. Chaque heure, chaque minute, \u00e0 chaque instant\u2026.<\/p>\n\n\n\n<p class=\"wp-block-paragraph\">Il y a toujours quelque chose dont tu peux \u00eatre fier. Et tu devrais en \u00eatre conscient et te le rappeler r\u00e9guli\u00e8rement de mani\u00e8re cibl\u00e9e.<\/p>\n\n\n\n<p class=\"wp-block-paragraph\">\u00catre fier de soi est un pas tr\u00e8s important vers une plus grande confiance en soi.<\/p>\n\n\n\n<p class=\"wp-block-paragraph\">Cela peut sembler \u00eatre une toute petite chose, mais en r\u00e9alit\u00e9, cela a un effet \u00e9norme.<\/p>\n\n\n\n<p class=\"wp-block-paragraph\"><\/p>\n","protected":false},"excerpt":{"rendered":"<p>une qualit\u00e9 importante des personnes qui ont confiance en elles Question \u00e0 toi : \u00c0 quelle fr\u00e9quence te f\u00e9licites-tu ? Quand as-tu eu pour la derni\u00e8re fois le sentiment d&rsquo;avoir vraiment bien fait quelque chose ? Et quand as-tu \u00e9t\u00e9 vraiment, vraiment fier de toi pour la derni\u00e8re fois ? Je suppose que cela fait un bon moment\u2026. Et c&rsquo;est dommage. Car en fait, tu devrais \u00eatre fier de toi tous les jours. Chaque heure, chaque minute, \u00e0 chaque instant\u2026. Il y a toujours quelque chose dont tu peux \u00eatre fier. Et tu devrais en \u00eatre conscient et te le rappeler r\u00e9guli\u00e8rement de mani\u00e8re cibl\u00e9e. \u00catre fier de soi est un pas tr\u00e8s important vers une plus grande confiance en soi. Cela peut sembler \u00eatre une toute petite chose, mais en r\u00e9alit\u00e9, cela a un effet \u00e9norme.<\/p>\n","protected":false},"author":1,"featured_media":0,"comment_status":"open","ping_status":"open","sticky":false,"template":"","format":"standard","meta":{"footnotes":""},"categories":[26],"tags":[11,5,12],"class_list":["post-216","post","type-post","status-publish","format-standard","hentry","category-lestime-de-soi","tag-ameliorer-la-qualite-de-vie","tag-confiance-en-soi","tag-estime-de-soi"],"acf":[],"_links":{"self":[{"href":"https:\/\/cabinet-moya.ch\/index.php?rest_route=\/wp\/v2\/posts\/216","targetHints":{"allow":["GET"]}}],"collection":[{"href":"https:\/\/cabinet-moya.ch\/index.php?rest_route=\/wp\/v2\/posts"}],"about":[{"href":"https:\/\/cabinet-moya.ch\/index.php?rest_route=\/wp\/v2\/types\/post"}],"author":[{"embeddable":true,"href":"https:\/\/cabinet-moya.ch\/index.php?rest_route=\/wp\/v2\/users\/1"}],"replies":[{"embeddable":true,"href":"https:\/\/cabinet-moya.ch\/index.php?rest_route=%2Fwp%2Fv2%2Fcomments&post=216"}],"version-history":[{"count":2,"href":"https:\/\/cabinet-moya.ch\/index.php?rest_route=\/wp\/v2\/posts\/216\/revisions"}],"predecessor-version":[{"id":219,"href":"https:\/\/cabinet-moya.ch\/index.php?rest_route=\/wp\/v2\/posts\/216\/revisions\/219"}],"wp:attachment":[{"href":"https:\/\/cabinet-moya.ch\/index.php?rest_route=%2Fwp%2Fv2%2Fmedia&parent=216"}],"wp:term":[{"taxonomy":"category","embeddable":true,"href":"https:\/\/cabinet-moya.ch\/index.php?rest_route=%2Fwp%2Fv2%2Fcategories&post=216"},{"taxonomy":"post_tag","embeddable":true,"href":"https:\/\/cabinet-moya.ch\/index.php?rest_route=%2Fwp%2Fv2%2Ftags&post=216"}],"curies":[{"name":"wp","href":"https:\/\/api.w.org\/{rel}","templated":true}]}}