{"id":199,"date":"2023-12-07T08:27:02","date_gmt":"2023-12-07T08:27:02","guid":{"rendered":"https:\/\/cabinet-moya.ch\/?p=199"},"modified":"2023-12-07T08:27:03","modified_gmt":"2023-12-07T08:27:03","slug":"la-tyrannie-du-doit","status":"publish","type":"post","link":"https:\/\/cabinet-moya.ch\/?p=199","title":{"rendered":"La Tyrannie du \u00ab\u00a0doit\u00a0\u00bb"},"content":{"rendered":"\n<figure class=\"wp-block-gallery has-nested-images columns-default is-cropped wp-block-gallery-1 is-layout-flex wp-block-gallery-is-layout-flex\">\n<figure class=\"wp-block-image size-large\"><img loading=\"lazy\" decoding=\"async\" width=\"1024\" height=\"1024\" data-id=\"202\" src=\"https:\/\/cabinet-moya.ch\/wp-content\/uploads\/2023\/12\/1-1024x1024.png\" alt=\"\" class=\"wp-image-202\" srcset=\"https:\/\/cabinet-moya.ch\/wp-content\/uploads\/2023\/12\/1-1024x1024.png 1024w, https:\/\/cabinet-moya.ch\/wp-content\/uploads\/2023\/12\/1-300x300.png 300w, https:\/\/cabinet-moya.ch\/wp-content\/uploads\/2023\/12\/1-150x150.png 150w, https:\/\/cabinet-moya.ch\/wp-content\/uploads\/2023\/12\/1-768x768.png 768w, https:\/\/cabinet-moya.ch\/wp-content\/uploads\/2023\/12\/1-75x75.png 75w, https:\/\/cabinet-moya.ch\/wp-content\/uploads\/2023\/12\/1.png 1080w\" sizes=\"auto, (max-width: 1024px) 100vw, 1024px\" \/><\/figure>\n\n\n\n<figure class=\"wp-block-image size-large\"><img loading=\"lazy\" decoding=\"async\" width=\"1024\" height=\"1024\" data-id=\"200\" src=\"https:\/\/cabinet-moya.ch\/wp-content\/uploads\/2023\/12\/2-1024x1024.png\" alt=\"\" class=\"wp-image-200\" srcset=\"https:\/\/cabinet-moya.ch\/wp-content\/uploads\/2023\/12\/2-1024x1024.png 1024w, https:\/\/cabinet-moya.ch\/wp-content\/uploads\/2023\/12\/2-300x300.png 300w, https:\/\/cabinet-moya.ch\/wp-content\/uploads\/2023\/12\/2-150x150.png 150w, https:\/\/cabinet-moya.ch\/wp-content\/uploads\/2023\/12\/2-768x768.png 768w, https:\/\/cabinet-moya.ch\/wp-content\/uploads\/2023\/12\/2-75x75.png 75w, https:\/\/cabinet-moya.ch\/wp-content\/uploads\/2023\/12\/2.png 1080w\" sizes=\"auto, (max-width: 1024px) 100vw, 1024px\" \/><\/figure>\n\n\n\n<figure class=\"wp-block-image size-large\"><img loading=\"lazy\" decoding=\"async\" width=\"1024\" height=\"1024\" data-id=\"201\" src=\"https:\/\/cabinet-moya.ch\/wp-content\/uploads\/2023\/12\/3-1024x1024.png\" alt=\"\" class=\"wp-image-201\" srcset=\"https:\/\/cabinet-moya.ch\/wp-content\/uploads\/2023\/12\/3-1024x1024.png 1024w, https:\/\/cabinet-moya.ch\/wp-content\/uploads\/2023\/12\/3-300x300.png 300w, https:\/\/cabinet-moya.ch\/wp-content\/uploads\/2023\/12\/3-150x150.png 150w, https:\/\/cabinet-moya.ch\/wp-content\/uploads\/2023\/12\/3-768x768.png 768w, https:\/\/cabinet-moya.ch\/wp-content\/uploads\/2023\/12\/3-75x75.png 75w, https:\/\/cabinet-moya.ch\/wp-content\/uploads\/2023\/12\/3.png 1080w\" sizes=\"auto, (max-width: 1024px) 100vw, 1024px\" \/><\/figure>\n<\/figure>\n\n\n\n<p class=\"wp-block-paragraph\">Est-ce que vous aussi, vous sentez parfois que le \u00ab\u00a0dois\u00a0\u00bb dicte votre vie ? Dois \u00eatre parfait(e), dois r\u00e9ussir, dois toujours \u00eatre au top. Cette tyrannie du \u00ab\u00a0dois\u00a0\u00bb peut \u00eatre \u00e9puisante, n&rsquo;est-ce pas ? <\/p>\n\n\n\n<p class=\"wp-block-paragraph\">Il est temps de briser ces cha\u00eenes et de changer notre perspective. Plut\u00f4t que de nous sentir prisonniers de ce que nous pensons devoir faire, explorons ce que nous <strong>choisissons<\/strong> de faire. <\/p>\n\n\n\n<p class=\"wp-block-paragraph\">Changer notre langage int\u00e9rieur de \u00ab\u00a0je dois\u00a0\u00bb \u00e0 \u00ab\u00a0je choisis\u00a0\u00bb peut \u00eatre lib\u00e9rateur. Remplacez \u00ab\u00a0je dois \u00eatre parfait(e)\u00a0\u00bb par \u00ab\u00a0je choisis d&rsquo;accepter mes imperfections et de grandir\u00a0\u00bb. Transformez \u00ab\u00a0je dois r\u00e9ussir \u00e0 tout prix\u00a0\u00bb en \u00ab\u00a0je choisis de me fixer des objectifs et d&rsquo;apprendre de mes \u00e9checs\u00a0\u00bb. <\/p>\n\n\n\n<p class=\"wp-block-paragraph\">Aussi on peut faire \u00e9voluer notre langage int\u00e9rieur par rempla\u00e7ons les \u00ab\u00a0dois\u00a0\u00bb par des \u00ab\u00a0veux\u00a0\u00bb et des \u00ab\u00a0pr\u00e9f\u00e8re\u00a0\u00bb. Plut\u00f4t que \u00ab\u00a0je dois \u00eatre parfait(e)\u00a0\u00bb, dites-vous \u00ab\u00a0je veux m&rsquo;accepter tel(le) que je suis\u00a0\u00bb. Transformez \u00ab\u00a0je dois r\u00e9ussir\u00a0\u00bb en \u00ab\u00a0je pr\u00e9f\u00e8re me concentrer sur ce qui me passionne et apprendre au fil du chemin\u00a0\u00bb. <\/p>\n\n\n\n<p class=\"wp-block-paragraph\">Le \u00ab\u00a0veux\u00a0\u00bb et le \u00ab\u00a0pr\u00e9f\u00e8re\u00a0\u00bb sont des expressions de libert\u00e9. Ils permettent de prendre le contr\u00f4le de nos choix, de reconna\u00eetre nos d\u00e9sirs profonds et de vivre une vie authentique.<\/p>\n\n\n\n<p class=\"wp-block-paragraph\">La v\u00e9ritable puissance r\u00e9side dans nos choix, pas dans les obligations auto-impos\u00e9es. En faisant cela, nous retrouvons notre pouvoir personnel et embrassons l&rsquo;autonomie. \ud83c\udf31\ud83d\udcaa<\/p>\n\n\n\n<p class=\"wp-block-paragraph\">Alors, la prochaine fois que le \u00ab\u00a0dois\u00a0\u00bb pointe le bout de son nez, faites une pause. R\u00e9fl\u00e9chissez \u00e0 ce que vous <strong>choisissez<\/strong> de faire, \u00e0 ce qui r\u00e9sonne avec votre v\u00e9ritable essence. Lib\u00e9rez-vous de la tyrannie du \u00ab\u00a0dois\u00a0\u00bb et ouvrez la porte \u00e0 une vie o\u00f9 vos choix refl\u00e8tent votre authenticit\u00e9.<\/p>\n","protected":false},"excerpt":{"rendered":"<p>Est-ce que vous aussi, vous sentez parfois que le \u00ab\u00a0dois\u00a0\u00bb dicte votre vie ? Dois \u00eatre parfait(e), dois r\u00e9ussir, dois toujours \u00eatre au top. Cette tyrannie du \u00ab\u00a0dois\u00a0\u00bb peut \u00eatre \u00e9puisante, n&rsquo;est-ce pas ? Il est temps de briser ces cha\u00eenes et de changer notre perspective. Plut\u00f4t que de nous sentir prisonniers de ce que nous pensons devoir faire, explorons ce que nous choisissons de faire. Changer notre langage int\u00e9rieur de \u00ab\u00a0je dois\u00a0\u00bb \u00e0 \u00ab\u00a0je choisis\u00a0\u00bb peut \u00eatre lib\u00e9rateur. Remplacez \u00ab\u00a0je dois \u00eatre parfait(e)\u00a0\u00bb par \u00ab\u00a0je choisis d&rsquo;accepter mes imperfections et de grandir\u00a0\u00bb. Transformez \u00ab\u00a0je dois r\u00e9ussir \u00e0 tout prix\u00a0\u00bb en \u00ab\u00a0je choisis de me fixer des objectifs et d&rsquo;apprendre de mes \u00e9checs\u00a0\u00bb. Aussi on peut faire \u00e9voluer notre langage int\u00e9rieur par rempla\u00e7ons les \u00ab\u00a0dois\u00a0\u00bb par des \u00ab\u00a0veux\u00a0\u00bb et des \u00ab\u00a0pr\u00e9f\u00e8re\u00a0\u00bb. Plut\u00f4t que \u00ab\u00a0je dois \u00eatre parfait(e)\u00a0\u00bb, dites-vous \u00ab\u00a0je veux m&rsquo;accepter tel(le) que je suis\u00a0\u00bb. Transformez \u00ab\u00a0je dois r\u00e9ussir\u00a0\u00bb en \u00ab\u00a0je pr\u00e9f\u00e8re me concentrer sur ce qui me passionne et apprendre au fil du chemin\u00a0\u00bb. Le \u00ab\u00a0veux\u00a0\u00bb et le \u00ab\u00a0pr\u00e9f\u00e8re\u00a0\u00bb sont des expressions de libert\u00e9. Ils permettent de prendre le contr\u00f4le de nos choix, de reconna\u00eetre nos d\u00e9sirs profonds et de vivre une vie authentique. La v\u00e9ritable puissance r\u00e9side dans nos choix, pas dans les obligations auto-impos\u00e9es. En faisant cela, nous retrouvons notre pouvoir personnel et embrassons l&rsquo;autonomie. \ud83c\udf31\ud83d\udcaa Alors, la prochaine fois que le \u00ab\u00a0dois\u00a0\u00bb pointe le bout de son nez, faites une pause. R\u00e9fl\u00e9chissez \u00e0 ce que vous choisissez de faire, \u00e0 ce qui r\u00e9sonne avec votre v\u00e9ritable essence. Lib\u00e9rez-vous de la tyrannie du \u00ab\u00a0dois\u00a0\u00bb et ouvrez la porte \u00e0 une vie o\u00f9 vos choix refl\u00e8tent votre authenticit\u00e9.<\/p>\n","protected":false},"author":1,"featured_media":0,"comment_status":"open","ping_status":"open","sticky":false,"template":"","format":"standard","meta":{"footnotes":""},"categories":[27],"tags":[11,5,28,12],"class_list":["post-199","post","type-post","status-publish","format-standard","hentry","category-developpement-personnel","tag-ameliorer-la-qualite-de-vie","tag-confiance-en-soi","tag-developpement-personnel","tag-estime-de-soi"],"acf":[],"_links":{"self":[{"href":"https:\/\/cabinet-moya.ch\/index.php?rest_route=\/wp\/v2\/posts\/199","targetHints":{"allow":["GET"]}}],"collection":[{"href":"https:\/\/cabinet-moya.ch\/index.php?rest_route=\/wp\/v2\/posts"}],"about":[{"href":"https:\/\/cabinet-moya.ch\/index.php?rest_route=\/wp\/v2\/types\/post"}],"author":[{"embeddable":true,"href":"https:\/\/cabinet-moya.ch\/index.php?rest_route=\/wp\/v2\/users\/1"}],"replies":[{"embeddable":true,"href":"https:\/\/cabinet-moya.ch\/index.php?rest_route=%2Fwp%2Fv2%2Fcomments&post=199"}],"version-history":[{"count":1,"href":"https:\/\/cabinet-moya.ch\/index.php?rest_route=\/wp\/v2\/posts\/199\/revisions"}],"predecessor-version":[{"id":203,"href":"https:\/\/cabinet-moya.ch\/index.php?rest_route=\/wp\/v2\/posts\/199\/revisions\/203"}],"wp:attachment":[{"href":"https:\/\/cabinet-moya.ch\/index.php?rest_route=%2Fwp%2Fv2%2Fmedia&parent=199"}],"wp:term":[{"taxonomy":"category","embeddable":true,"href":"https:\/\/cabinet-moya.ch\/index.php?rest_route=%2Fwp%2Fv2%2Fcategories&post=199"},{"taxonomy":"post_tag","embeddable":true,"href":"https:\/\/cabinet-moya.ch\/index.php?rest_route=%2Fwp%2Fv2%2Ftags&post=199"}],"curies":[{"name":"wp","href":"https:\/\/api.w.org\/{rel}","templated":true}]}}