{"id":144,"date":"2023-10-21T12:11:00","date_gmt":"2023-10-21T12:11:00","guid":{"rendered":"https:\/\/cabinet-moya.ch\/?p=144"},"modified":"2023-11-27T10:16:10","modified_gmt":"2023-11-27T10:16:10","slug":"faire-de-sa-difference-une-force","status":"publish","type":"post","link":"https:\/\/cabinet-moya.ch\/?p=144","title":{"rendered":"Faire de sa diff\u00e9rence une force"},"content":{"rendered":"\n<figure class=\"wp-block-gallery has-nested-images columns-default is-cropped wp-block-gallery-1 is-layout-flex wp-block-gallery-is-layout-flex\">\n<figure class=\"wp-block-image size-large\"><img loading=\"lazy\" decoding=\"async\" width=\"1024\" height=\"1024\" data-id=\"146\" src=\"https:\/\/cabinet-moya.ch\/wp-content\/uploads\/2023\/10\/1-1024x1024.png\" alt=\"\" class=\"wp-image-146\" srcset=\"https:\/\/cabinet-moya.ch\/wp-content\/uploads\/2023\/10\/1-1024x1024.png 1024w, https:\/\/cabinet-moya.ch\/wp-content\/uploads\/2023\/10\/1-300x300.png 300w, https:\/\/cabinet-moya.ch\/wp-content\/uploads\/2023\/10\/1-150x150.png 150w, https:\/\/cabinet-moya.ch\/wp-content\/uploads\/2023\/10\/1-768x768.png 768w, https:\/\/cabinet-moya.ch\/wp-content\/uploads\/2023\/10\/1-75x75.png 75w, https:\/\/cabinet-moya.ch\/wp-content\/uploads\/2023\/10\/1.png 1080w\" sizes=\"auto, (max-width: 1024px) 100vw, 1024px\" \/><\/figure>\n\n\n\n<figure class=\"wp-block-image size-large\"><img loading=\"lazy\" decoding=\"async\" width=\"1024\" height=\"1024\" data-id=\"147\" src=\"https:\/\/cabinet-moya.ch\/wp-content\/uploads\/2023\/10\/2-1024x1024.png\" alt=\"\" class=\"wp-image-147\" srcset=\"https:\/\/cabinet-moya.ch\/wp-content\/uploads\/2023\/10\/2-1024x1024.png 1024w, https:\/\/cabinet-moya.ch\/wp-content\/uploads\/2023\/10\/2-300x300.png 300w, https:\/\/cabinet-moya.ch\/wp-content\/uploads\/2023\/10\/2-150x150.png 150w, https:\/\/cabinet-moya.ch\/wp-content\/uploads\/2023\/10\/2-768x768.png 768w, https:\/\/cabinet-moya.ch\/wp-content\/uploads\/2023\/10\/2-75x75.png 75w, https:\/\/cabinet-moya.ch\/wp-content\/uploads\/2023\/10\/2.png 1080w\" sizes=\"auto, (max-width: 1024px) 100vw, 1024px\" \/><\/figure>\n\n\n\n<figure class=\"wp-block-image size-large\"><img loading=\"lazy\" decoding=\"async\" width=\"1024\" height=\"1024\" data-id=\"145\" src=\"https:\/\/cabinet-moya.ch\/wp-content\/uploads\/2023\/10\/3-1024x1024.png\" alt=\"\" class=\"wp-image-145\" srcset=\"https:\/\/cabinet-moya.ch\/wp-content\/uploads\/2023\/10\/3-1024x1024.png 1024w, https:\/\/cabinet-moya.ch\/wp-content\/uploads\/2023\/10\/3-300x300.png 300w, https:\/\/cabinet-moya.ch\/wp-content\/uploads\/2023\/10\/3-150x150.png 150w, https:\/\/cabinet-moya.ch\/wp-content\/uploads\/2023\/10\/3-768x768.png 768w, https:\/\/cabinet-moya.ch\/wp-content\/uploads\/2023\/10\/3-75x75.png 75w, https:\/\/cabinet-moya.ch\/wp-content\/uploads\/2023\/10\/3.png 1080w\" sizes=\"auto, (max-width: 1024px) 100vw, 1024px\" \/><\/figure>\n<\/figure>\n\n\n\n<p class=\"wp-block-paragraph\">Aujourd&rsquo;hui, je veux vous parler de l&rsquo;art de faire de sa diff\u00e9rence une force. Chacun de nous porte en lui une singularit\u00e9 pr\u00e9cieuse, une lumi\u00e8re qui ne demande qu&rsquo;\u00e0 briller.<\/p>\n\n\n\n<p class=\"wp-block-paragraph\">Faire de notre diff\u00e9rence une force commence par l&rsquo;acceptation. C&rsquo;est reconna\u00eetre et c\u00e9l\u00e9brer ce qui nous distingue, plut\u00f4t que de chercher \u00e0 nous conformer \u00e0 des normes ext\u00e9rieures.<\/p>\n\n\n\n<p class=\"wp-block-paragraph\">N&rsquo;oublions jamais que l&rsquo;opinion des autres n&rsquo;est qu&rsquo;un \u00e9cho, et que notre valeur ne d\u00e9pend pas de leur regard. La v\u00e9ritable magie r\u00e9side dans la confiance que nous pla\u00e7ons en nous-m\u00eames, dans notre pouvoir de cr\u00e9er, de grandir et d&rsquo;inspirer.<\/p>\n\n\n\n<p class=\"wp-block-paragraph\">C&rsquo;est aussi avoir le courage d&rsquo;explorer, de cr\u00e9er et d&rsquo;innover selon notre propre vision. C&rsquo;est oser prendre des chemins moins fr\u00e9quent\u00e9s, car c&rsquo;est souvent l\u00e0 que se trouvent les plus belles d\u00e9couvertes.<\/p>\n\n\n\n<p class=\"wp-block-paragraph\">Enfin, c&rsquo;est partager notre histoire et notre perspective avec le monde. Car il y a toujours quelqu&rsquo;un qui peut \u00eatre inspir\u00e9 par ce que nous sommes et ce que nous faisons.<\/p>\n\n\n\n<p class=\"wp-block-paragraph\">N&rsquo;oublions jamais : notre diff\u00e9rence est une force. Elle nous donne le pouvoir de changer le monde \u00e0 notre mani\u00e8re unique. Alors, c\u00e9l\u00e9brons nos particularit\u00e9s et osons \u00eatre authentiques. Vous \u00eates extraordinaire, exactement comme vous \u00eates.<\/p>\n\n\n\n<p class=\"wp-block-paragraph\">Dans mon Cabinet nous allons trouver ensemble votre force dans votre diff\u00e9rence et que votre diff\u00e9rence devient positive dans votre regard en vous.<\/p>\n","protected":false},"excerpt":{"rendered":"<p>Aujourd&rsquo;hui, je veux vous parler de l&rsquo;art de faire de sa diff\u00e9rence une force. Chacun de nous porte en lui une singularit\u00e9 pr\u00e9cieuse, une lumi\u00e8re qui ne demande qu&rsquo;\u00e0 briller. Faire de notre diff\u00e9rence une force commence par l&rsquo;acceptation. C&rsquo;est reconna\u00eetre et c\u00e9l\u00e9brer ce qui nous distingue, plut\u00f4t que de chercher \u00e0 nous conformer \u00e0 des normes ext\u00e9rieures. N&rsquo;oublions jamais que l&rsquo;opinion des autres n&rsquo;est qu&rsquo;un \u00e9cho, et que notre valeur ne d\u00e9pend pas de leur regard. La v\u00e9ritable magie r\u00e9side dans la confiance que nous pla\u00e7ons en nous-m\u00eames, dans notre pouvoir de cr\u00e9er, de grandir et d&rsquo;inspirer. C&rsquo;est aussi avoir le courage d&rsquo;explorer, de cr\u00e9er et d&rsquo;innover selon notre propre vision. C&rsquo;est oser prendre des chemins moins fr\u00e9quent\u00e9s, car c&rsquo;est souvent l\u00e0 que se trouvent les plus belles d\u00e9couvertes. Enfin, c&rsquo;est partager notre histoire et notre perspective avec le monde. Car il y a toujours quelqu&rsquo;un qui peut \u00eatre inspir\u00e9 par ce que nous sommes et ce que nous faisons. N&rsquo;oublions jamais : notre diff\u00e9rence est une force. Elle nous donne le pouvoir de changer le monde \u00e0 notre mani\u00e8re unique. Alors, c\u00e9l\u00e9brons nos particularit\u00e9s et osons \u00eatre authentiques. Vous \u00eates extraordinaire, exactement comme vous \u00eates. Dans mon Cabinet nous allons trouver ensemble votre force dans votre diff\u00e9rence et que votre diff\u00e9rence devient positive dans votre regard en vous.<\/p>\n","protected":false},"author":1,"featured_media":0,"comment_status":"open","ping_status":"open","sticky":false,"template":"","format":"standard","meta":{"footnotes":""},"categories":[26],"tags":[],"class_list":["post-144","post","type-post","status-publish","format-standard","hentry","category-lestime-de-soi"],"acf":[],"_links":{"self":[{"href":"https:\/\/cabinet-moya.ch\/index.php?rest_route=\/wp\/v2\/posts\/144","targetHints":{"allow":["GET"]}}],"collection":[{"href":"https:\/\/cabinet-moya.ch\/index.php?rest_route=\/wp\/v2\/posts"}],"about":[{"href":"https:\/\/cabinet-moya.ch\/index.php?rest_route=\/wp\/v2\/types\/post"}],"author":[{"embeddable":true,"href":"https:\/\/cabinet-moya.ch\/index.php?rest_route=\/wp\/v2\/users\/1"}],"replies":[{"embeddable":true,"href":"https:\/\/cabinet-moya.ch\/index.php?rest_route=%2Fwp%2Fv2%2Fcomments&post=144"}],"version-history":[{"count":1,"href":"https:\/\/cabinet-moya.ch\/index.php?rest_route=\/wp\/v2\/posts\/144\/revisions"}],"predecessor-version":[{"id":148,"href":"https:\/\/cabinet-moya.ch\/index.php?rest_route=\/wp\/v2\/posts\/144\/revisions\/148"}],"wp:attachment":[{"href":"https:\/\/cabinet-moya.ch\/index.php?rest_route=%2Fwp%2Fv2%2Fmedia&parent=144"}],"wp:term":[{"taxonomy":"category","embeddable":true,"href":"https:\/\/cabinet-moya.ch\/index.php?rest_route=%2Fwp%2Fv2%2Fcategories&post=144"},{"taxonomy":"post_tag","embeddable":true,"href":"https:\/\/cabinet-moya.ch\/index.php?rest_route=%2Fwp%2Fv2%2Ftags&post=144"}],"curies":[{"name":"wp","href":"https:\/\/api.w.org\/{rel}","templated":true}]}}